{"id":1527,"date":"2019-12-10T10:40:28","date_gmt":"2019-12-10T09:40:28","guid":{"rendered":"https:\/\/www.accouvin.be\/-\/?post_type=news&#038;p=1527"},"modified":"2019-12-10T11:57:58","modified_gmt":"2019-12-10T10:57:58","slug":"cross-du-smac-2","status":"publish","type":"news","link":"https:\/\/www.accouvin.be\/-\/news\/cross-du-smac-2\/","title":{"rendered":"Cross du SMAC"},"content":{"rendered":"<div id=\"attachment_1528\" style=\"width: 310px\" class=\"wp-caption alignleft\"><a href=\"https:\/\/www.accouvin.be\/wp-content\/uploads\/2019\/12\/FB_IMG_1575821256115-2.jpg\"><img aria-describedby=\"caption-attachment-1528\" loading=\"lazy\" decoding=\"async\" class=\"wp-image-1528 size-medium\" src=\"https:\/\/www.accouvin.be\/wp-content\/uploads\/2019\/12\/FB_IMG_1575821256115-2-300x225.jpg\" alt=\"\" width=\"300\" height=\"225\" srcset=\"https:\/\/www.accouvin.be\/wp-content\/uploads\/2019\/12\/FB_IMG_1575821256115-2-300x225.jpg 300w, https:\/\/www.accouvin.be\/wp-content\/uploads\/2019\/12\/FB_IMG_1575821256115-2-600x450.jpg 600w, https:\/\/www.accouvin.be\/wp-content\/uploads\/2019\/12\/FB_IMG_1575821256115-2.jpg 720w\" sizes=\"auto, (max-width: 300px) 100vw, 300px\" \/><\/a><p id=\"caption-attachment-1528\" class=\"wp-caption-text\">Le podium Masters<\/p><\/div>\n<p>Petite d\u00e9l\u00e9gation de l&rsquo;ACCO \u00e0 Malonne. Seulement 12 Accistes ont brav\u00e9 les conditions m\u00e9t\u00e9o bien mauvaises.<\/p>\n<p>Pour les podiums:<\/p>\n<ul>\n<li>Alia va ouvrir le compteur provincial en juniore.<\/li>\n<li>Nicolas deuxi\u00e8me victoire en masters apr\u00e8s Couvin.<\/li>\n<li>Aur\u00e9lien, 2\u00b0 en juniors et Annick comme J\u00e9r\u00f4me, 3\u00b0 place en masters.<\/li>\n<\/ul>\n<p>R\u00e9sultats sur <a href=\"http:\/\/www.smac-namur.be\/sites\/default\/files\/competition\/20191208_cross_du_smac_allresults.pdf\">http:\/\/www.smac-namur.be\/sites\/default\/files\/competition\/20191208_cross_du_smac_allresults.pdf<\/a><\/p>\n<p>&nbsp;<\/p>\n","protected":false},"excerpt":{"rendered":"<p>Petite d\u00e9l\u00e9gation de l&rsquo;ACCO \u00e0 Malonne. Seulement 12 Accistes ont brav\u00e9 les conditions m\u00e9t\u00e9o bien mauvaises. Pour les podiums: Alia va ouvrir le compteur provincial en juniore. Nicolas deuxi\u00e8me victoire en masters apr\u00e8s Couvin. Aur\u00e9lien, 2\u00b0 en juniors et Annick comme J\u00e9r\u00f4me, 3\u00b0 place en masters. R\u00e9sultats sur http:\/\/www.smac-namur.be\/sites\/default\/files\/competition\/20191208_cross_du_smac_allresults.pdf &nbsp;<\/p>\n","protected":false},"author":6,"featured_media":0,"comment_status":"closed","ping_status":"closed","template":"","tags":[],"news-category":[],"class_list":["post-1527","news","type-news","status-publish","hentry"],"_links":{"self":[{"href":"https:\/\/www.accouvin.be\/-\/wp-json\/wp\/v2\/news\/1527","targetHints":{"allow":["GET"]}}],"collection":[{"href":"https:\/\/www.accouvin.be\/-\/wp-json\/wp\/v2\/news"}],"about":[{"href":"https:\/\/www.accouvin.be\/-\/wp-json\/wp\/v2\/types\/news"}],"author":[{"embeddable":true,"href":"https:\/\/www.accouvin.be\/-\/wp-json\/wp\/v2\/users\/6"}],"replies":[{"embeddable":true,"href":"https:\/\/www.accouvin.be\/-\/wp-json\/wp\/v2\/comments?post=1527"}],"version-history":[{"count":0,"href":"https:\/\/www.accouvin.be\/-\/wp-json\/wp\/v2\/news\/1527\/revisions"}],"wp:attachment":[{"href":"https:\/\/www.accouvin.be\/-\/wp-json\/wp\/v2\/media?parent=1527"}],"wp:term":[{"taxonomy":"post_tag","embeddable":true,"href":"https:\/\/www.accouvin.be\/-\/wp-json\/wp\/v2\/tags?post=1527"},{"taxonomy":"news-category","embeddable":true,"href":"https:\/\/www.accouvin.be\/-\/wp-json\/wp\/v2\/news-category?post=1527"}],"curies":[{"name":"wp","href":"https:\/\/api.w.org\/{rel}","templated":true}]}}